[{"@context":"https:\/\/schema.org\/","@type":"Article","@id":"https:\/\/www.trivero.cz\/grand-festival-smichu\/#Article","mainEntityOfPage":"https:\/\/www.trivero.cz\/grand-festival-smichu\/","headline":"Grand festival sm\u00edchu!","name":"Grand festival sm\u00edchu!","description":"Pr\u00e1v\u011b Grand festival sm\u00edchu je po\u0159\u00e1dan\u00fd V\u00fdchodo\u010desk\u00fdm divadlem u\u017e od roku 2011. Abychom v\u00e1m p\u0159ibl\u00ed\u017eili, o co se vlastn\u011b jedn\u00e1, \u010dt\u011bte pros\u00edm d\u00e1le. Jedn\u00e1 se o sout\u011b\u017en\u00ed komedi\u00e1ln\u00ed p\u0159ehl\u00eddku divadel \u010cesk\u00e9 republiky. Prob\u00edh\u00e1 v\u00a0Pardubic\u00edch a to na konci ledna. Je zcela unik\u00e1tn\u00ed. M\u00e1 dv\u011b sekce a to sout\u011b\u017en\u00ed a doprovodnou. Aby byla divadla do sout\u011b\u017ee [&hellip;]","datePublished":"2025-03-02","dateModified":"2023-05-04","author":{"@type":"Person","@id":"https:\/\/www.trivero.cz\/author\/#Person","name":"trivero.cz\n","url":"https:\/\/www.trivero.cz\/author\/","identifier":1,"image":{"@type":"ImageObject","@id":"https:\/\/secure.gravatar.com\/avatar\/0c97be8873d84c78e7a3da39294dc9e209ea44cdddcf1d79ac5ad761aa3cfc7f?s=96&d=mm&r=g","url":"https:\/\/secure.gravatar.com\/avatar\/0c97be8873d84c78e7a3da39294dc9e209ea44cdddcf1d79ac5ad761aa3cfc7f?s=96&d=mm&r=g","height":96,"width":96}},"publisher":{"@type":"Organization","name":"trivero.cz","logo":{"@type":"ImageObject","@id":"\/logo.png","url":"\/logo.png","width":600,"height":60}},"image":{"@type":"ImageObject","@id":"https:\/\/www.trivero.cz\/wp-content\/uploads\/img_a299141_w2198_t1509182894.jpg","url":"https:\/\/www.trivero.cz\/wp-content\/uploads\/img_a299141_w2198_t1509182894.jpg","height":0,"width":0},"url":"https:\/\/www.trivero.cz\/grand-festival-smichu\/","about":["\u017deny"],"wordCount":462,"articleBody":"\tPr\u00e1v\u011b Grand festival sm\u00edchu je po\u0159\u00e1dan\u00fd V\u00fdchodo\u010desk\u00fdm divadlem u\u017e od roku 2011. Abychom v\u00e1m p\u0159ibl\u00ed\u017eili, o co se vlastn\u011b jedn\u00e1, \u010dt\u011bte pros\u00edm d\u00e1le.\tJedn\u00e1 se o sout\u011b\u017en\u00ed komedi\u00e1ln\u00ed p\u0159ehl\u00eddku divadel \u010cesk\u00e9 republiky. Prob\u00edh\u00e1 v\u00a0Pardubic\u00edch a to na konci ledna. Je zcela unik\u00e1tn\u00ed. M\u00e1 dv\u011b sekce a to sout\u011b\u017en\u00ed a doprovodnou.\tAby byla divadla do sout\u011b\u017ee zaps\u00e1na, mus\u00ed spl\u0148ovat ur\u010dit\u00e9 podm\u00ednky a to nap\u0159\u00edklad takov\u00e9,\t\u017ee divadlo mus\u00ed b\u00fdt reperto\u00e1rov\u00e9 a mus\u00ed m\u00edt vlastn\u00ed hereck\u00fd soubor.\tKomedi\u00e1ln\u00ed p\u0159edstaven\u00ed sleduj\u00ed v\u0161ichni v\u00a0publiku, v\u010detn\u011b odborn\u00e9 poroty s\u00a0t\u00edm, \u017ee pot\u00e9 hlasuj\u00ed jak div\u00e1ci, tak i porota a po sou\u010dtu v\u0161ech hlas\u016f se ud\u011bluje cena zvan\u00e1 Komedie roku. P\u0159ed\u00e1vaj\u00ed se dokonce i ceny za nejlep\u0161\u00ed \u017eensk\u00fd a mu\u017esk\u00fd v\u00fdkon, co\u017e je opravdu skv\u011bl\u00e9.\tP\u0159ed\u00e1v\u00e1 se dokonce cena zvan\u00e1 Cena g\u00e9nia sm\u00edch\u016f, kterou v\u017edy p\u0159ed\u00e1v\u00e1 n\u011bjak\u00e1 v\u00fdznamn\u00e1 osobnost.\tNa z\u00e1v\u011br festivalu vznik\u00e1 po\u0159ad s\u00a0n\u00e1zvem Galave\u010der sm\u00edchu, kter\u00fd moderuj\u00ed zn\u00e1m\u00ed herci a p\u0159ed\u00e1vaj\u00ed se p\u0159i n\u011bm pr\u00e1v\u011b festivalov\u00e9 ceny. Nat\u00e1\u010d\u00ed jej \u010cesk\u00e1 televize, tak\u017ee kdybyste se na n\u011bj cht\u011bli pod\u00edvat, m\u00e1te mo\u017enost. Ve\u010derem div\u00e1ky prov\u00e1d\u00ed Marie Dole\u017ealov\u00e1.\tCo se t\u00fd\u010de samotn\u00e9ho programu, v\u011bt\u0161inou se hraje sedm vystoupen\u00ed, kter\u00e9 v\u00a0dan\u00e9m roce vznikly po cel\u00e9 republice. Krom\u011b vystoupen\u00ed m\u00e1 Grand festival i mnoho doprovodn\u00fdch akc\u00ed. Jedn\u00e1 se o r\u016fzn\u00e9 koncerty, v\u00fdstavy, programy pro nejmen\u0161\u00ed a mnoho dal\u0161\u00edch. Kon\u00e1 se ji\u017e n\u011bkolik let a je velmi hojn\u011b nav\u0161t\u011bvov\u00e1n. Pokud byste jej i vy r\u00e1di nav\u0161t\u00edvili, je nutn\u00e9, abyste si co nejd\u0159\u00edve zarezervovali l\u00edstky, jeliko\u017e b\u00fdv\u00e1 velmi rychle vyprod\u00e1n. Koup\u011b vstupenek v\u017edycky trv\u00e1 nejpozd\u011bji do konce ledna, tak\u017ee pokud byste cht\u011bli p\u0159\u00ed\u0161t\u00ed rok vyrazit, mus\u00edte si to ohl\u00eddat. Pod\u00edvan\u00e1 je to opravdu p\u011bkn\u00e1, tak nev\u00e1hejte a taky jej nav\u0161tivte.\tPokud by v\u00e1s zaj\u00edmalo, jak\u00e1 p\u0159edstaven\u00ed v\u00a0minul\u00fdch letech vyhr\u00e1la, pak v\u00e1m uk\u00e1\u017eeme kr\u00e1tk\u00fd p\u0159ehled. Nap\u0159\u00edklad v\u00a0roce 2004 vyhr\u00e1lo p\u0159edstaven\u00ed Prodan\u00e1 nev\u011bsta od Bed\u0159icha Smetany -Klicperovo d. Hradec Kr\u00e1lov\u00e9. V\u00a0roce 2008 pro zm\u011bnu p\u0159edstaven\u00ed Mu\u017ei v offsidu \u00a0od K.Pol\u00e1\u010dka, M.Va\u010dk\u00e1\u0159e a O.Havelky \u2013 M\u011bstsk\u00e9 d. Ml.Boleslav a co n\u00e1s \u010dek\u00e1 letos? To se nech\u00e1me p\u0159ekvapit.                                                                                                                                                                                                                                                                                                                                                                                        3.6\/5 - (7 votes)        "},{"@context":"https:\/\/schema.org\/","@type":"BreadcrumbList","itemListElement":[{"@type":"ListItem","position":1,"name":"Grand festival sm\u00edchu!","item":"https:\/\/www.trivero.cz\/grand-festival-smichu\/#breadcrumbitem"}]}]