[{"@context":"https:\/\/schema.org\/","@type":"Article","@id":"https:\/\/www.trivero.cz\/svet-uz-neni-jen-cerny-je-i-bily\/#Article","mainEntityOfPage":"https:\/\/www.trivero.cz\/svet-uz-neni-jen-cerny-je-i-bily\/","headline":"Sv\u011bt u\u017e nen\u00ed jen \u010dern\u00fd, je i b\u00edl\u00fd","name":"Sv\u011bt u\u017e nen\u00ed jen \u010dern\u00fd, je i b\u00edl\u00fd","description":"Jakmile \u017eeny vyr\u00e1\u017eej\u00ed do spole\u010dnosti a nemaj\u00ed p\u0159\u00edli\u0161 jasno o tom, co si vz\u00edt na sebe, tak barva oble\u010den\u00ed, po kter\u00e9 automaticky s\u00e1hnou je \u010dern\u00e1. \u010cern\u00e1 zkr\u00e1tka v dne\u0161n\u00ed dob\u011b st\u00e1le na mnoha front\u00e1ch v\u00edt\u011bz\u00ed. Mluv\u00ed se o n\u00ed jako o univerz\u00e1ln\u00ed barv\u011b, kter\u00e1 se hod\u00ed ke v\u0161emu a slu\u0161\u00ed v\u0161em, je vhodn\u00e1 do spole\u010dnosti [&hellip;]","datePublished":"2017-12-04","dateModified":"2023-05-05","author":{"@type":"Person","@id":"https:\/\/www.trivero.cz\/author\/#Person","name":"trivero.cz\n","url":"https:\/\/www.trivero.cz\/author\/","identifier":1,"image":{"@type":"ImageObject","@id":"https:\/\/secure.gravatar.com\/avatar\/0c97be8873d84c78e7a3da39294dc9e209ea44cdddcf1d79ac5ad761aa3cfc7f?s=96&d=mm&r=g","url":"https:\/\/secure.gravatar.com\/avatar\/0c97be8873d84c78e7a3da39294dc9e209ea44cdddcf1d79ac5ad761aa3cfc7f?s=96&d=mm&r=g","height":96,"width":96}},"publisher":{"@type":"Organization","name":"trivero.cz","logo":{"@type":"ImageObject","@id":"\/logo.png","url":"\/logo.png","width":600,"height":60}},"image":{"@type":"ImageObject","@id":"https:\/\/www.trivero.cz\/wp-content\/uploads\/img_a315866_w2198_t1526803646.jpg","url":"https:\/\/www.trivero.cz\/wp-content\/uploads\/img_a315866_w2198_t1526803646.jpg","height":0,"width":0},"url":"https:\/\/www.trivero.cz\/svet-uz-neni-jen-cerny-je-i-bily\/","about":["V\u00fdrobky"],"wordCount":439,"articleBody":"            Jakmile \u017eeny vyr\u00e1\u017eej\u00ed do spole\u010dnosti a nemaj\u00ed p\u0159\u00edli\u0161 jasno o tom, co si vz\u00edt na sebe, tak barva oble\u010den\u00ed, po kter\u00e9 automaticky s\u00e1hnou je \u010dern\u00e1. \u010cern\u00e1 zkr\u00e1tka v dne\u0161n\u00ed dob\u011b st\u00e1le na mnoha front\u00e1ch v\u00edt\u011bz\u00ed. Mluv\u00ed se o n\u00ed jako o univerz\u00e1ln\u00ed barv\u011b, kter\u00e1 se hod\u00ed ke v\u0161emu a slu\u0161\u00ed v\u0161em, je vhodn\u00e1 do spole\u010dnosti a je p\u0159ita\u017eliv\u00e1, zkr\u00e1tka zna\u010dka ide\u00e1l, kterou nen\u00ed co zkazit. Ov\u0161em pozor, mil\u00e9 d\u00e1my, \u010dasy se m\u011bn\u00ed, a to, co dlouho platilo u\u017e dnes nen\u00ed tak \u00fapln\u011b pravda. I kdy\u017e je\u0161t\u011b dlouho se budete moci ve spole\u010dnosti objevovat ve star\u00fdch zajet\u00fdch kolej\u00edch. Av\u0161ak sou\u010dasn\u00fdm trendem u\u017e nen\u00ed \u010dern\u00e1, n\u00fdbr\u017e b\u00edl\u00e1. A chcete-li j\u00edt s dobou a s m\u00f3dou a b\u00fdt tak \u0159e\u010deno \u201ein\u201c, tak se obl\u00e9kn\u011bte do b\u00edl\u00e9. Anebo zkuste ob\u011b barvy rafinovan\u011b nakombinovat a rozhodn\u011b budete nep\u0159ehl\u00e9dnuteln\u00e9. Ano, je to tak, b\u00edl\u00e1 barva zkr\u00e1tka vede. A to jak na m\u00f3dn\u00edch molech, tak v ulic\u00edch, kde se za\u010d\u00edn\u00e1 postupn\u011b bl\u00fdskat na lep\u0161\u00ed \u010dasy. A nen\u00ed divu, v\u017edy\u0165 kdo by cht\u011bl chodit ven \u010di do spole\u010dnosti v \u010dern\u00fdch \u0161atech a s \u010dern\u00fdmi my\u0161lenkami, kdy\u017e se m\u016f\u017ee obl\u00e9knout do sv\u011b\u017e\u00ed a \u010dist\u00e9 b\u00edl\u00e9. A v\u011b\u0159te tomu, \u017ee barvy n\u00e1s ovliv\u0148uj\u00ed. A ovliv\u0148uj\u00ed tak\u00e9 my\u0161lenky t\u011bch, kte\u0159\u00ed v\u00e1s sleduj\u00ed. Pokud tedy chcete p\u016fsobit jako nevi\u0148\u00e1tko, jako b\u011blostn\u00e1 lilie a t\u011bmi nejlep\u0161\u00edmi \u00famysly a s t\u00edm nejlep\u0161\u00edm vkusem, vsa\u010fte na b\u00edlou r\u00f3bu. A k b\u00edl\u00fdm \u0161at\u016fm samoz\u0159ejm\u011b pat\u0159\u00ed tak\u00e9 d\u00e1msk\u00e1 kabelka b\u00edl\u00e1. Ov\u0161em funguje to i obr\u00e1cen\u011b, pokud chcete b\u00fdt za dra\u010dici, za amazonku z d\u017eungle, kter\u00e1 si pevn\u011b stoj\u00ed za sv\u00fdm a je odv\u00e1\u017en\u00e1, tak si z oble\u010den\u00ed nam\u00edchejte \u010dernob\u00edl\u00fd koktejl a nikdo u\u017e o v\u00e1s nebude pochybovat a slab\u0161\u00ed povahy v\u00e1m rovnou p\u016fjdou z cesty. Ov\u0161em pozor, m\u00e1 to samoz\u0159ejm\u011b tak\u00e9 sv\u00e1 \u00faskal\u00ed. Nosit b\u00edlou nen\u00ed tak snadn\u00e9 jako nosit \u010dernou. To se zkr\u00e1tka mus\u00ed um\u011bt. Mus\u00edte se um\u011bt neumazat a b\u00fdt za d\u00e1mu v ka\u017ed\u00e9 situaci. B\u00edl\u00e1 v\u00e1m neodpust\u00ed va\u0161e proh\u0159e\u0161ky, ale pokud m\u00e1te \u00farove\u0148, tak ji je\u0161t\u011b v\u00edce pozvedne.                                                                                                                                                                                                                                                                                                                                                                                          4.5\/5 - (8 votes)        "},{"@context":"https:\/\/schema.org\/","@type":"BreadcrumbList","itemListElement":[{"@type":"ListItem","position":1,"name":"Sv\u011bt u\u017e nen\u00ed jen \u010dern\u00fd, je i b\u00edl\u00fd","item":"https:\/\/www.trivero.cz\/svet-uz-neni-jen-cerny-je-i-bily\/#breadcrumbitem"}]}]