[{"@context":"https:\/\/schema.org\/","@type":"Article","@id":"https:\/\/www.trivero.cz\/vasim-detem-jen-to-nejlepsi\/#Article","mainEntityOfPage":"https:\/\/www.trivero.cz\/vasim-detem-jen-to-nejlepsi\/","headline":"Va\u0161im d\u011btem jen to nejlep\u0161\u00ed","name":"Va\u0161im d\u011btem jen to nejlep\u0161\u00ed","description":"Exklusivn\u011b pro Va\u0161e nejmen\u0161\u00ed D\u011bti jsou jin\u00e9 ne\u017e dosp\u011bl\u00ed. D\u011btsk\u00fd sv\u011bt je jin\u00fd ne\u017e sv\u011bt n\u00e1s dosp\u011bl\u00fdch. Li\u0161\u00ed se v mnoha sm\u011brech, li\u0161\u00ed se i oble\u010den\u00edm. Na prvn\u00ed pohled je samoz\u0159ejm\u011b oble\u010den\u00ed pro d\u011bti men\u0161\u00ed a spot\u0159ebuje je\u0161t\u011b m\u00e9n\u011b materi\u00e1lu. Kdo d\u011btsk\u00e9mu sv\u011btu porozum\u00ed, kdo pochop\u00ed, jak m\u00e1 oble\u010den\u00ed pro d\u011bti vypadat, m\u016f\u017ee p\u0159ij\u00edt na [&hellip;]","datePublished":"2024-12-13","dateModified":"2024-12-13","author":{"@type":"Person","@id":"https:\/\/www.trivero.cz\/author\/#Person","name":"trivero.cz\n","url":"https:\/\/www.trivero.cz\/author\/","identifier":1,"image":{"@type":"ImageObject","@id":"https:\/\/secure.gravatar.com\/avatar\/0c97be8873d84c78e7a3da39294dc9e209ea44cdddcf1d79ac5ad761aa3cfc7f?s=96&d=mm&r=g","url":"https:\/\/secure.gravatar.com\/avatar\/0c97be8873d84c78e7a3da39294dc9e209ea44cdddcf1d79ac5ad761aa3cfc7f?s=96&d=mm&r=g","height":96,"width":96}},"publisher":{"@type":"Organization","name":"trivero.cz","logo":{"@type":"ImageObject","@id":"\/logo.png","url":"\/logo.png","width":600,"height":60}},"url":"https:\/\/www.trivero.cz\/vasim-detem-jen-to-nejlepsi\/","wordCount":198,"articleBody":" Exklusivn\u011b pro Va\u0161e nejmen\u0161\u00ed D\u011bti jsou jin\u00e9 ne\u017e dosp\u011bl\u00ed. D\u011btsk\u00fd sv\u011bt je jin\u00fd ne\u017e sv\u011bt n\u00e1s dosp\u011bl\u00fdch. Li\u0161\u00ed se v mnoha sm\u011brech, li\u0161\u00ed se i oble\u010den\u00edm. Na prvn\u00ed pohled je samoz\u0159ejm\u011b oble\u010den\u00ed pro d\u011bti men\u0161\u00ed a spot\u0159ebuje je\u0161t\u011b m\u00e9n\u011b materi\u00e1lu. Kdo d\u011btsk\u00e9mu sv\u011btu porozum\u00ed, kdo pochop\u00ed, jak m\u00e1 oble\u010den\u00ed pro d\u011bti vypadat, m\u016f\u017ee p\u0159ij\u00edt na trh s kvalitou i originalitou. Kojeneck\u00e9 oble\u010den\u00ed r\u016fzn\u00fdch vzor\u016f a motiv\u016f S nab\u00eddkou na\u0161eho obchodu budete zaru\u010den\u011b spokojeni. Nab\u00edz\u00edme od nejmen\u0161\u00edch kojeneck\u00fdch velikost\u00ed a oble\u010den\u00ed pro d\u011bti do \u0161esti let. Nab\u00edz\u00edme origin\u00e1ln\u00ed anglickou zna\u010dku i v\u00fdrobky na\u0161\u00ed produkce. Zaj\u00edmav\u00e1 nab\u00eddka a netradi\u010dn\u00ed kojeneck\u00e9 oble\u010den\u00ed. D\u011btsk\u00fd sv\u011bt najdete u n\u00e1s! Va\u0161e kojeneck\u00e9 oble\u010den\u00ed ! Nemus\u00edte b\u011bhat po obchodech a sh\u00e1n\u011bt, se kter\u00fdm budete spokojeni. Nav\u0161tivte n\u00e1\u0161 internetov\u00fd obchod a budete stoprocentn\u011b spokojeni. A va\u0161e miminka taky. My jim toti\u017e dob\u0159e rozum\u00edme!                                                                                                                                                                                                                                                                                                                                                                                        4.7\/5 - (3 votes)        "},{"@context":"https:\/\/schema.org\/","@type":"BreadcrumbList","itemListElement":[{"@type":"ListItem","position":1,"name":"Va\u0161im d\u011btem jen to nejlep\u0161\u00ed","item":"https:\/\/www.trivero.cz\/vasim-detem-jen-to-nejlepsi\/#breadcrumbitem"}]}]